{"id":2136,"date":"2026-04-25T10:00:00","date_gmt":"2026-04-25T08:00:00","guid":{"rendered":"https:\/\/apv-ka.de\/?p=2136"},"modified":"2026-05-03T10:58:23","modified_gmt":"2026-05-03T08:58:23","slug":"papierfachtagung-2026","status":"publish","type":"post","link":"https:\/\/apv-ka.de\/?p=2136","title":{"rendered":"Papierfachtagung 2026"},"content":{"rendered":"<h2 class=\"wp-block-heading\" id=\"pft-2026-im-papierzentrum-gernsbachzukunftssichere-papierindustrie-moderne-technik-neue-wege-wissen-sichern\">\n<strong>PFT 2026 im Papierzentrum Gernsbach<\/strong><br><em>Zukunftssichere Papierindustrie &ndash; moderne Technik | neue Wege | Wissen sichern<\/em>\n<\/h2>\n\n\n\n<figure class=\"wp-block-image size-large\"><img fetchpriority=\"high\" decoding=\"async\" width=\"1024\" height=\"683\" src=\"https:\/\/apv-ka.de\/wp-content\/uploads\/2026\/04\/Gruppenfoto-APV-2026-1024x683.jpg\" alt=\"\" class=\"wp-image-2148\" srcset=\"https:\/\/apv-ka.de\/wp-content\/uploads\/2026\/04\/Gruppenfoto-APV-2026-1024x683.jpg 1024w, https:\/\/apv-ka.de\/wp-content\/uploads\/2026\/04\/Gruppenfoto-APV-2026-300x200.jpg 300w, https:\/\/apv-ka.de\/wp-content\/uploads\/2026\/04\/Gruppenfoto-APV-2026-768x512.jpg 768w, https:\/\/apv-ka.de\/wp-content\/uploads\/2026\/04\/Gruppenfoto-APV-2026-391x260.jpg 391w, https:\/\/apv-ka.de\/wp-content\/uploads\/2026\/04\/Gruppenfoto-APV-2026-1536x1025.jpg 1536w, https:\/\/apv-ka.de\/wp-content\/uploads\/2026\/04\/Gruppenfoto-APV-2026-2048x1367.jpg 2048w\" sizes=\"(max-width: 1024px) 100vw, 1024px\" \/><\/figure>\n\n\n\n<p>Die diesj\u00e4hrige Papierfachtagung des APV Karlsruhe fand am 24. April 2026 im Papierzentrum in Gernsbach statt und stand ganz im Zeichen der Zukunftsf\u00e4higkeit einer sich wandelnden Branche. Unter dem Leitthema \u201eZukunftssichere Papierindustrie \u2013 moderne Technik \u2013 neue Wege \u2013 Wissen sichern\u201c kamen 70 Fachleute aus Industrie, Forschung und Ausbildung zusammen, um aktuelle Herausforderungen und innovative L\u00f6sungsans\u00e4tze zu diskutieren.<\/p>\n\n\n\n<p><strong>Auftakt in entspannter Atmosph\u00e4re<\/strong><\/p>\n\n\n\n<p>Bereits am Donnerstagabend bot das traditionelle Get Together im Haus am Berg einen gelungenen Einstieg in die Veranstaltung. Bei bestem Wetter und in lockerer Atmosph\u00e4re sorgte ein Flammkuchenwagen f\u00fcr das leibliche Wohl der G\u00e4ste. In geselliger Runde wurden alte Kontakte gepflegt und neue gekn\u00fcpft. Neben intensiven Fachgespr\u00e4chen blieb auch Raum f\u00fcr Freizeitaktivit\u00e4ten \u2013 ob bei einer Runde Tischtennis, Billard oder Tischkicker, der Austausch stand im Mittelpunkt und schuf eine offene, einladende Stimmung f\u00fcr die folgenden Veranstaltungstage.<\/p>\n\n\n\n<div class=\"wp-block-columns is-layout-flex wp-container-core-columns-is-layout-28f84493 wp-block-columns-is-layout-flex\">\n<div class=\"wp-block-column is-layout-flow wp-block-column-is-layout-flow\" style=\"flex-basis:50%\">\n<figure class=\"wp-block-image size-large\"><img decoding=\"async\" width=\"1024\" height=\"683\" src=\"https:\/\/apv-ka.de\/wp-content\/uploads\/2026\/04\/Get-together-aussen-2026-1-1024x683.jpg\" alt=\"\" class=\"wp-image-2153\" srcset=\"https:\/\/apv-ka.de\/wp-content\/uploads\/2026\/04\/Get-together-aussen-2026-1-1024x683.jpg 1024w, https:\/\/apv-ka.de\/wp-content\/uploads\/2026\/04\/Get-together-aussen-2026-1-300x200.jpg 300w, https:\/\/apv-ka.de\/wp-content\/uploads\/2026\/04\/Get-together-aussen-2026-1-768x512.jpg 768w, https:\/\/apv-ka.de\/wp-content\/uploads\/2026\/04\/Get-together-aussen-2026-1-391x260.jpg 391w, https:\/\/apv-ka.de\/wp-content\/uploads\/2026\/04\/Get-together-aussen-2026-1-1536x1025.jpg 1536w, https:\/\/apv-ka.de\/wp-content\/uploads\/2026\/04\/Get-together-aussen-2026-1-2048x1367.jpg 2048w\" sizes=\"(max-width: 1024px) 100vw, 1024px\" \/><\/figure>\n<\/div>\n\n\n\n<div class=\"wp-block-column is-layout-flow wp-block-column-is-layout-flow\" style=\"flex-basis:50%\">\n<figure class=\"wp-block-image\"><img decoding=\"async\" width=\"1024\" height=\"683\" src=\"https:\/\/apv-ka.de\/wp-content\/uploads\/2026\/04\/Get-together-2026-1024x683.jpg\" alt=\"\" class=\"wp-image-2150\" srcset=\"https:\/\/apv-ka.de\/wp-content\/uploads\/2026\/04\/Get-together-2026-1024x683.jpg 1024w, https:\/\/apv-ka.de\/wp-content\/uploads\/2026\/04\/Get-together-2026-300x200.jpg 300w, https:\/\/apv-ka.de\/wp-content\/uploads\/2026\/04\/Get-together-2026-768x512.jpg 768w, https:\/\/apv-ka.de\/wp-content\/uploads\/2026\/04\/Get-together-2026-391x260.jpg 391w, https:\/\/apv-ka.de\/wp-content\/uploads\/2026\/04\/Get-together-2026-1536x1025.jpg 1536w, https:\/\/apv-ka.de\/wp-content\/uploads\/2026\/04\/Get-together-2026-2048x1367.jpg 2048w\" sizes=\"(max-width: 1024px) 100vw, 1024px\" \/><\/figure>\n\n\n\n<p><\/p>\n<\/div>\n<\/div>\n\n\n\n<p><strong>Fachtagung im Pavillon<\/strong><\/p>\n\n\n\n<p>Am Freitag er\u00f6ffnete der stellvertretende Vorstandsvorsitzende Fabio Wunsch offiziell die Tagung und begr\u00fc\u00dfte die Teilnehmenden. Im Anschluss \u00fcbergab er an den Moderator des Tages, Prof. Dr. Markus Wildberger von der DHBW Karlsruhe, der souver\u00e4n durch das abwechslungsreiche Programm f\u00fchrte.<\/p>\n\n\n\n<p>Den Auftakt der Vortragsreihe machte Iris Bienert vom Papierzentrum | Campus Gernsbach &amp; DIE PAPIERINDUSTRIE mit ihrem Beitrag \u201eMenschen gewinnen, Wissen bewahren, Zukunft gestalten in der Papier- und Zellstoffindustrie\u201c. Sie beleuchtete die aktuelle wirtschaftliche Situation der Branche im Spannungsfeld von Kostendruck, Fachkr\u00e4ftemangel und demografischem Wandel. Dabei stellte sie praxisnahe Strategien zur Gewinnung, Entwicklung und Bindung von Fachkr\u00e4ften vor und gab zugleich einen Ausblick auf die zuk\u00fcnftigen Standortpl\u00e4ne des Papierzentrums in Gernsbach.<\/p>\n\n\n\n<p>Im zweiten Vortrag \u201eGemeinsam stark: Diversit\u00e4t in der Papierindustrie\u201c gaben Victoria Scherzinger (WEPA) und Matthias Hoehsl (Voith Paper) einen Einblick in die Rolle von Frauen in der deutschen Papierindustrie. Sie zeigten auf, dass in einer nach wie vor m\u00e4nnerdominierten Branche gro\u00dfes Potenzial ungenutzt bleibt. Gleichzeitig wurden konkrete Ans\u00e4tze vorgestellt, wie durch moderne Arbeitsmodelle \u2013 etwa Sharing-Konzepte und flexible Teilzeitl\u00f6sungen f\u00fcr beide Elternteile \u2013 die Vereinbarkeit von Familie und Karriere verbessert werden kann.<\/p>\n\n\n\n<p>Mit dem Thema \u201eKI in der Papierherstellung: Nice to have oder notwendige Zukunftstechnologie?\u201c widmete sich Tim Reuscher (aiXopt) einem der aktuell dynamischsten Felder der Branche. Anhand konkreter Praxisbeispiele zeigte er, wie k\u00fcnstliche Intelligenz und Machine Learning zur Optimierung von Produktionsprozessen eingesetzt werden k\u00f6nnen. Im Fokus standen datenbasierte Ans\u00e4tze zur Stabilisierung komplexer Prozesse, zur Reduzierung von Energie- und Rohstoffverbrauch sowie zur Steigerung von Produktqualit\u00e4t und Anlagenverf\u00fcgbarkeit. Die anschlie\u00dfende Diskussion machte deutlich, dass KI zunehmend als zentrale Schl\u00fcsseltechnologie f\u00fcr eine wirtschaftlich und nachhaltig wettbewerbsf\u00e4hige Papierproduktion gesehen wird.<\/p>\n\n\n\n<p>Der vierte Vortrag von Florian Zech (WBI Wissensmanagement) stand unter dem Titel \u201eWenn Erfahrung geht \u2013 und Wissen bleibt.\u201c Er verdeutlichte praxisnah, wie Unternehmen wertvolles Erfahrungswissen systematisch sichern und nachhaltig nutzbar machen k\u00f6nnen. Anhand eines anschaulichen Beispiels wurde gezeigt, wie durch gezieltes Wissensmanagement Effizienz gesteigert, Einarbeitungszeiten verk\u00fcrzt und Abh\u00e4ngigkeiten reduziert werden k\u00f6nnen.<\/p>\n\n\n\n<p><strong>Gemeinsamer Abschluss und Ausblick<\/strong><\/p>\n\n\n\n<p>Den Abschluss der Fachtagung bildete eine Podiumsdiskussion, in der zentrale Themen des Tages nochmals aufgegriffen und aus unterschiedlichen Perspektiven beleuchtet wurden. Der intensive Austausch zwischen Referenten und Teilnehmenden zeigte eindrucksvoll die Relevanz der behandelten Themen f\u00fcr die Zukunft der Branche.<\/p>\n\n\n\n<figure class=\"wp-block-image size-large\"><img loading=\"lazy\" decoding=\"async\" width=\"1024\" height=\"683\" src=\"https:\/\/apv-ka.de\/wp-content\/uploads\/2026\/04\/Podiumsdiskussion-1024x683.jpg\" alt=\"\" class=\"wp-image-2151\" srcset=\"https:\/\/apv-ka.de\/wp-content\/uploads\/2026\/04\/Podiumsdiskussion-1024x683.jpg 1024w, https:\/\/apv-ka.de\/wp-content\/uploads\/2026\/04\/Podiumsdiskussion-300x200.jpg 300w, https:\/\/apv-ka.de\/wp-content\/uploads\/2026\/04\/Podiumsdiskussion-768x512.jpg 768w, https:\/\/apv-ka.de\/wp-content\/uploads\/2026\/04\/Podiumsdiskussion-391x260.jpg 391w, https:\/\/apv-ka.de\/wp-content\/uploads\/2026\/04\/Podiumsdiskussion-1536x1025.jpg 1536w, https:\/\/apv-ka.de\/wp-content\/uploads\/2026\/04\/Podiumsdiskussion-2048x1367.jpg 2048w\" sizes=\"(max-width: 1024px) 100vw, 1024px\" \/><\/figure>\n\n\n\n<p>Vor der Heimreise bot ein gemeinsames Abschlussgrillen im Garten des Papierzentrums die Gelegenheit, die Veranstaltung in entspannter Atmosph\u00e4re ausklingen zu lassen und letzte Gespr\u00e4che zu f\u00fchren.<\/p>\n\n\n\n<p><strong>Dank und Ausblick<\/strong><\/p>\n\n\n\n<p>Ein besonderer Dank gilt allen Referentinnen und Referenten, Sponsoren sowie den Organisatoren, die diese gelungene Veranstaltung m\u00f6glich gemacht haben. Ebenso danken wir dem Papierzentrum Gernsbach f\u00fcr die hervorragende Unterst\u00fctzung.<\/p>\n\n\n\n<p>Die n\u00e4chste Papierfachtagung ist bereits terminiert:<br><strong>23. April 2027<\/strong> <br>Wir freuen uns schon heute auf ein Wiedersehen!<\/p>\n\n\n\n<p><\/p>\n","protected":false},"excerpt":{"rendered":"<p>PFT 2026 im Papierzentrum GernsbachZukunftssichere Papierindustrie &ndash; moderne Technik | neue Wege | Wissen sichern Die diesj\u00e4hrige Papierfachtagung des APV Karlsruhe fand am 24. April 2026 im Papierzentrum in Gernsbach statt und stand ganz im Zeichen der Zukunftsf\u00e4higkeit einer sich wandelnden Branche. Unter dem Leitthema \u201eZukunftssichere Papierindustrie \u2013 moderne Technik \u2013 neue Wege \u2013 Wissen sichern\u201c kamen 70 Fachleute aus Industrie, Forschung und Ausbildung zusammen, um aktuelle Herausforderungen und innovative L\u00f6sungsans\u00e4tze zu diskutieren. Auftakt in entspannter Atmosph\u00e4re Bereits am Donnerstagabend bot das traditionelle Get Together im Haus am Berg einen gelungenen Einstieg in die Veranstaltung. Bei bestem Wetter und in lockerer Atmosph\u00e4re sorgte ein Flammkuchenwagen f\u00fcr das leibliche Wohl der G\u00e4ste. In geselliger Runde wurden alte Kontakte gepflegt und neue gekn\u00fcpft. Neben intensiven Fachgespr\u00e4chen blieb auch Raum f\u00fcr Freizeitaktivit\u00e4ten \u2013 ob bei einer Runde Tischtennis, Billard oder Tischkicker, der Austausch stand im Mittelpunkt und schuf eine offene, einladende Stimmung f\u00fcr die folgenden Veranstaltungstage. Fachtagung im Pavillon Am Freitag er\u00f6ffnete der stellvertretende Vorstandsvorsitzende Fabio Wunsch offiziell die Tagung und begr\u00fc\u00dfte die Teilnehmenden. Im Anschluss \u00fcbergab er an den Moderator des Tages, Prof. Dr. Markus Wildberger von der DHBW Karlsruhe, der souver\u00e4n durch das abwechslungsreiche Programm f\u00fchrte. Den Auftakt der Vortragsreihe machte Iris Bienert vom Papierzentrum | Campus Gernsbach &amp; DIE PAPIERINDUSTRIE mit ihrem Beitrag \u201eMenschen gewinnen, Wissen bewahren, Zukunft gestalten in der Papier- und Zellstoffindustrie\u201c. Sie beleuchtete die aktuelle wirtschaftliche Situation der Branche im Spannungsfeld von Kostendruck, Fachkr\u00e4ftemangel und demografischem Wandel. Dabei stellte sie praxisnahe Strategien zur Gewinnung, Entwicklung und Bindung von Fachkr\u00e4ften vor und gab zugleich einen Ausblick auf die zuk\u00fcnftigen Standortpl\u00e4ne des Papierzentrums in Gernsbach. Im zweiten Vortrag \u201eGemeinsam stark: Diversit\u00e4t in der Papierindustrie\u201c gaben Victoria Scherzinger (WEPA) und Matthias Hoehsl (Voith Paper) einen Einblick in die Rolle von Frauen in der deutschen Papierindustrie. Sie zeigten auf, dass in einer nach wie vor m\u00e4nnerdominierten Branche gro\u00dfes Potenzial ungenutzt bleibt. Gleichzeitig wurden konkrete Ans\u00e4tze vorgestellt, wie durch moderne Arbeitsmodelle \u2013 etwa Sharing-Konzepte und flexible Teilzeitl\u00f6sungen f\u00fcr beide Elternteile \u2013 die Vereinbarkeit von Familie und Karriere verbessert werden kann. Mit dem Thema \u201eKI in der Papierherstellung: Nice to have oder notwendige Zukunftstechnologie?\u201c widmete sich Tim Reuscher (aiXopt) einem der aktuell dynamischsten Felder der Branche. Anhand konkreter Praxisbeispiele zeigte er, wie k\u00fcnstliche Intelligenz und Machine Learning zur Optimierung von Produktionsprozessen eingesetzt werden k\u00f6nnen. Im Fokus standen datenbasierte Ans\u00e4tze zur Stabilisierung komplexer Prozesse, zur Reduzierung von Energie- und Rohstoffverbrauch sowie zur Steigerung von Produktqualit\u00e4t und Anlagenverf\u00fcgbarkeit. Die anschlie\u00dfende Diskussion machte deutlich, dass KI zunehmend als zentrale Schl\u00fcsseltechnologie f\u00fcr eine wirtschaftlich und nachhaltig wettbewerbsf\u00e4hige Papierproduktion gesehen wird. Der vierte Vortrag von Florian Zech (WBI Wissensmanagement) stand unter dem Titel \u201eWenn Erfahrung geht \u2013 und Wissen bleibt.\u201c Er verdeutlichte praxisnah, wie Unternehmen wertvolles Erfahrungswissen systematisch sichern und nachhaltig nutzbar machen k\u00f6nnen. Anhand eines anschaulichen Beispiels wurde gezeigt, wie durch gezieltes Wissensmanagement Effizienz gesteigert, Einarbeitungszeiten verk\u00fcrzt und Abh\u00e4ngigkeiten reduziert werden k\u00f6nnen. Gemeinsamer Abschluss und Ausblick Den Abschluss der Fachtagung bildete eine Podiumsdiskussion, in der zentrale Themen des Tages nochmals aufgegriffen und aus unterschiedlichen Perspektiven beleuchtet wurden. Der intensive Austausch zwischen Referenten und Teilnehmenden zeigte eindrucksvoll die Relevanz der behandelten Themen f\u00fcr die Zukunft der Branche. Vor der Heimreise bot ein gemeinsames Abschlussgrillen im Garten des Papierzentrums die Gelegenheit, die Veranstaltung in entspannter Atmosph\u00e4re ausklingen zu lassen und letzte Gespr\u00e4che zu f\u00fchren. Dank und Ausblick Ein besonderer Dank gilt allen Referentinnen und Referenten, Sponsoren sowie den Organisatoren, die diese gelungene Veranstaltung m\u00f6glich gemacht haben. Ebenso danken wir dem Papierzentrum Gernsbach f\u00fcr die hervorragende Unterst\u00fctzung. Die n\u00e4chste Papierfachtagung ist bereits terminiert:23. April 2027 Wir freuen uns schon heute auf ein Wiedersehen!<\/p>\n","protected":false},"author":2,"featured_media":2148,"comment_status":"open","ping_status":"open","sticky":false,"template":"","format":"standard","meta":{"_monsterinsights_skip_tracking":false,"_monsterinsights_sitenote_active":false,"_monsterinsights_sitenote_note":"","_monsterinsights_sitenote_category":0,"site-sidebar-layout":"default","site-content-layout":"","ast-site-content-layout":"default","site-content-style":"default","site-sidebar-style":"default","ast-global-header-display":"","ast-banner-title-visibility":"","ast-main-header-display":"","ast-hfb-above-header-display":"","ast-hfb-below-header-display":"","ast-hfb-mobile-header-display":"","site-post-title":"","ast-breadcrumbs-content":"","ast-featured-img":"","footer-sml-layout":"","ast-disable-related-posts":"","theme-transparent-header-meta":"","adv-header-id-meta":"","stick-header-meta":"","header-above-stick-meta":"","header-main-stick-meta":"","header-below-stick-meta":"","astra-migrate-meta-layouts":"default","ast-page-background-enabled":"default","ast-page-background-meta":{"desktop":{"background-color":"var(--ast-global-color-5)","background-image":"","background-repeat":"repeat","background-position":"center center","background-size":"auto","background-attachment":"scroll","background-type":"","background-media":"","overlay-type":"","overlay-color":"","overlay-opacity":"","overlay-gradient":""},"tablet":{"background-color":"","background-image":"","background-repeat":"repeat","background-position":"center center","background-size":"auto","background-attachment":"scroll","background-type":"","background-media":"","overlay-type":"","overlay-color":"","overlay-opacity":"","overlay-gradient":""},"mobile":{"background-color":"","background-image":"","background-repeat":"repeat","background-position":"center center","background-size":"auto","background-attachment":"scroll","background-type":"","background-media":"","overlay-type":"","overlay-color":"","overlay-opacity":"","overlay-gradient":""}},"ast-content-background-meta":{"desktop":{"background-color":"var(--ast-global-color-4)","background-image":"","background-repeat":"repeat","background-position":"center center","background-size":"auto","background-attachment":"scroll","background-type":"","background-media":"","overlay-type":"","overlay-color":"","overlay-opacity":"","overlay-gradient":""},"tablet":{"background-color":"var(--ast-global-color-4)","background-image":"","background-repeat":"repeat","background-position":"center center","background-size":"auto","background-attachment":"scroll","background-type":"","background-media":"","overlay-type":"","overlay-color":"","overlay-opacity":"","overlay-gradient":""},"mobile":{"background-color":"var(--ast-global-color-4)","background-image":"","background-repeat":"repeat","background-position":"center center","background-size":"auto","background-attachment":"scroll","background-type":"","background-media":"","overlay-type":"","overlay-color":"","overlay-opacity":"","overlay-gradient":""}},"footnotes":""},"categories":[7],"tags":[],"class_list":["post-2136","post","type-post","status-publish","format-standard","has-post-thumbnail","hentry","category-veranstaltung"],"featured_image_src":"https:\/\/apv-ka.de\/wp-content\/uploads\/2026\/04\/Gruppenfoto-APV-2026-scaled.jpg","author_info":{"display_name":"Redakteur","author_link":"https:\/\/apv-ka.de\/?author=2"},"_links":{"self":[{"href":"https:\/\/apv-ka.de\/index.php?rest_route=\/wp\/v2\/posts\/2136","targetHints":{"allow":["GET"]}}],"collection":[{"href":"https:\/\/apv-ka.de\/index.php?rest_route=\/wp\/v2\/posts"}],"about":[{"href":"https:\/\/apv-ka.de\/index.php?rest_route=\/wp\/v2\/types\/post"}],"author":[{"embeddable":true,"href":"https:\/\/apv-ka.de\/index.php?rest_route=\/wp\/v2\/users\/2"}],"replies":[{"embeddable":true,"href":"https:\/\/apv-ka.de\/index.php?rest_route=%2Fwp%2Fv2%2Fcomments&post=2136"}],"version-history":[{"count":3,"href":"https:\/\/apv-ka.de\/index.php?rest_route=\/wp\/v2\/posts\/2136\/revisions"}],"predecessor-version":[{"id":2154,"href":"https:\/\/apv-ka.de\/index.php?rest_route=\/wp\/v2\/posts\/2136\/revisions\/2154"}],"wp:featuredmedia":[{"embeddable":true,"href":"https:\/\/apv-ka.de\/index.php?rest_route=\/wp\/v2\/media\/2148"}],"wp:attachment":[{"href":"https:\/\/apv-ka.de\/index.php?rest_route=%2Fwp%2Fv2%2Fmedia&parent=2136"}],"wp:term":[{"taxonomy":"category","embeddable":true,"href":"https:\/\/apv-ka.de\/index.php?rest_route=%2Fwp%2Fv2%2Fcategories&post=2136"},{"taxonomy":"post_tag","embeddable":true,"href":"https:\/\/apv-ka.de\/index.php?rest_route=%2Fwp%2Fv2%2Ftags&post=2136"}],"curies":[{"name":"wp","href":"https:\/\/api.w.org\/{rel}","templated":true}]}}